{"id":3158,"date":"2026-03-05T11:03:56","date_gmt":"2026-03-05T14:03:56","guid":{"rendered":"https:\/\/kpi.pt\/?p=3158"},"modified":"2026-03-05T11:03:57","modified_gmt":"2026-03-05T14:03:57","slug":"artigo-sobre-micrornas-e-disturbios-do-sono-e-aceito-para-publicacao-em-revista-cientifica-internacional-por-dra-susana-perdigito","status":"publish","type":"post","link":"https:\/\/kpi.pt\/index.php\/2026\/03\/05\/artigo-sobre-micrornas-e-disturbios-do-sono-e-aceito-para-publicacao-em-revista-cientifica-internacional-por-dra-susana-perdigito\/","title":{"rendered":"Artigo sobre microRNAs e dist\u00farbios do sono \u00e9 aceito para publica\u00e7\u00e3o em revista cient\u00edfica internacional por Dra. Susana Perdigito"},"content":{"rendered":"\n<p>Um novo estudo cient\u00edfico que investiga a rela\u00e7\u00e3o entre microRNAs e dist\u00farbios do sono foi oficialmente aceito para publica\u00e7\u00e3o na revista cient\u00edfica Sleep Medicine: X. A confirma\u00e7\u00e3o da aceita\u00e7\u00e3o ocorreu no dia <strong>4 de mar\u00e7o de 2026<\/strong>, ap\u00f3s o processo de revis\u00e3o editorial.<\/p>\n\n\n\n<h3 class=\"wp-block-heading\">Detalhes do artigo<\/h3>\n\n\n\n<ul class=\"wp-block-list\">\n<li><strong>Refer\u00eancia do artigo:<\/strong> SLEEPX_100184<\/li>\n\n\n\n<li><strong>Revista cient\u00edfica:<\/strong> Sleep Medicine: X<\/li>\n\n\n\n<li><strong>Autor correspondente:<\/strong> Miguel Meira e Cruz<\/li>\n\n\n\n<li><strong>Primeira autora:<\/strong> Susana Perdigoto<\/li>\n<\/ul>\n\n\n\n<h3 class=\"wp-block-heading\">Linha do tempo editorial<\/h3>\n\n\n\n<ul class=\"wp-block-list\">\n<li><strong>Recebido pela revista:<\/strong> 19 de janeiro de 2026<\/li>\n\n\n\n<li><strong>Artigo revisado:<\/strong> 3 de mar\u00e7o de 2026<\/li>\n\n\n\n<li><strong>Aceito para publica\u00e7\u00e3o:<\/strong> 4 de mar\u00e7o de 2026<\/li>\n<\/ul>\n\n\n\n<h3 class=\"wp-block-heading\">Import\u00e2ncia da publica\u00e7\u00e3o<\/h3>\n\n\n\n<p>A aceita\u00e7\u00e3o do estudo em uma revista cient\u00edfica internacional refor\u00e7a a relev\u00e2ncia da pesquisa para a comunidade acad\u00eamica e m\u00e9dica. O trabalho pode contribuir para:<\/p>\n\n\n\n<ul class=\"wp-block-list\">\n<li>Avan\u00e7os no entendimento biol\u00f3gico da <strong>ins\u00f4nia e do sono curto<\/strong><\/li>\n\n\n\n<li>Desenvolvimento de <strong>biomarcadores moleculares<\/strong> para dist\u00farbios do sono<\/li>\n\n\n\n<li>Novas abordagens terap\u00eauticas baseadas em <strong>regula\u00e7\u00e3o gen\u00e9tica<\/strong><\/li>\n<\/ul>\n\n\n\n<p>A publica\u00e7\u00e3o completa dever\u00e1 integrar o acervo cient\u00edfico da revista e poder\u00e1 servir como refer\u00eancia para futuros estudos na \u00e1rea de <strong>medicina do sono e gen\u00e9tica molecular<\/strong>.<\/p>\n","protected":false},"excerpt":{"rendered":"<p>Um novo estudo cient\u00edfico que investiga a rela\u00e7\u00e3o entre microRNAs e dist\u00farbios do sono foi oficialmente aceito para publica\u00e7\u00e3o na revista cient\u00edfica Sleep Medicine: X. A confirma\u00e7\u00e3o da aceita\u00e7\u00e3o ocorreu no dia 4 de mar\u00e7o de 2026, ap\u00f3s o processo de revis\u00e3o editorial.<\/p>\n","protected":false},"author":1,"featured_media":3159,"comment_status":"closed","ping_status":"closed","sticky":false,"template":"","format":"standard","meta":{"footnotes":""},"categories":[1],"tags":[],"class_list":["post-3158","post","type-post","status-publish","format-standard","has-post-thumbnail","hentry","category-blog"],"yoast_head":"<!-- This site is optimized with the Yoast SEO plugin v27.4 - https:\/\/yoast.com\/product\/yoast-seo-wordpress\/ -->\n<title>Artigo sobre microRNAs e dist\u00farbios do sono \u00e9 aceito para publica\u00e7\u00e3o em revista cient\u00edfica internacional por Dra. Susana Perdigito - KLINICA PERIOIMPLANTOLOGICA<\/title>\n<meta name=\"robots\" content=\"index, follow, max-snippet:-1, max-image-preview:large, max-video-preview:-1\" \/>\n<link rel=\"canonical\" href=\"https:\/\/kpi.pt\/index.php\/2026\/03\/05\/artigo-sobre-micrornas-e-disturbios-do-sono-e-aceito-para-publicacao-em-revista-cientifica-internacional-por-dra-susana-perdigito\/\" \/>\n<meta property=\"og:locale\" content=\"pt_BR\" \/>\n<meta property=\"og:type\" content=\"article\" \/>\n<meta property=\"og:title\" content=\"Artigo sobre microRNAs e dist\u00farbios do sono \u00e9 aceito para publica\u00e7\u00e3o em revista cient\u00edfica internacional por Dra. Susana Perdigito - KLINICA PERIOIMPLANTOLOGICA\" \/>\n<meta property=\"og:description\" content=\"Um novo estudo cient\u00edfico que investiga a rela\u00e7\u00e3o entre microRNAs e dist\u00farbios do sono foi oficialmente aceito para publica\u00e7\u00e3o na revista cient\u00edfica Sleep Medicine: X. A confirma\u00e7\u00e3o da aceita\u00e7\u00e3o ocorreu no dia 4 de mar\u00e7o de 2026, ap\u00f3s o processo de revis\u00e3o editorial.\" \/>\n<meta property=\"og:url\" content=\"https:\/\/kpi.pt\/index.php\/2026\/03\/05\/artigo-sobre-micrornas-e-disturbios-do-sono-e-aceito-para-publicacao-em-revista-cientifica-internacional-por-dra-susana-perdigito\/\" \/>\n<meta property=\"og:site_name\" content=\"KLINICA PERIOIMPLANTOLOGICA\" \/>\n<meta property=\"article:publisher\" content=\"https:\/\/www.instagram.com\/klinicaperioimplantologica\/\" \/>\n<meta property=\"article:published_time\" content=\"2026-03-05T14:03:56+00:00\" \/>\n<meta property=\"article:modified_time\" content=\"2026-03-05T14:03:57+00:00\" \/>\n<meta property=\"og:image\" content=\"https:\/\/kpi.pt\/wp-content\/uploads\/2026\/03\/WhatsApp-Image-2026-03-05-at-10.55.26-2.jpeg\" \/>\n\t<meta property=\"og:image:width\" content=\"900\" \/>\n\t<meta property=\"og:image:height\" content=\"1599\" \/>\n\t<meta property=\"og:image:type\" content=\"image\/jpeg\" \/>\n<meta name=\"author\" content=\"padraoagenciadigital\" \/>\n<meta name=\"twitter:card\" content=\"summary_large_image\" \/>\n<meta name=\"twitter:label1\" content=\"Escrito por\" \/>\n\t<meta name=\"twitter:data1\" content=\"padraoagenciadigital\" \/>\n\t<meta name=\"twitter:label2\" content=\"Est. tempo de leitura\" \/>\n\t<meta name=\"twitter:data2\" content=\"2 minutos\" \/>\n<script type=\"application\/ld+json\" class=\"yoast-schema-graph\">{\"@context\":\"https:\\\/\\\/schema.org\",\"@graph\":[{\"@type\":\"Article\",\"@id\":\"https:\\\/\\\/kpi.pt\\\/index.php\\\/2026\\\/03\\\/05\\\/artigo-sobre-micrornas-e-disturbios-do-sono-e-aceito-para-publicacao-em-revista-cientifica-internacional-por-dra-susana-perdigito\\\/#article\",\"isPartOf\":{\"@id\":\"https:\\\/\\\/kpi.pt\\\/index.php\\\/2026\\\/03\\\/05\\\/artigo-sobre-micrornas-e-disturbios-do-sono-e-aceito-para-publicacao-em-revista-cientifica-internacional-por-dra-susana-perdigito\\\/\"},\"author\":{\"name\":\"padraoagenciadigital\",\"@id\":\"https:\\\/\\\/kpi.pt\\\/#\\\/schema\\\/person\\\/81b14c074a90c69594026693247e7351\"},\"headline\":\"Artigo sobre microRNAs e dist\u00farbios do sono \u00e9 aceito para publica\u00e7\u00e3o em revista cient\u00edfica internacional por Dra. Susana Perdigito\",\"datePublished\":\"2026-03-05T14:03:56+00:00\",\"dateModified\":\"2026-03-05T14:03:57+00:00\",\"mainEntityOfPage\":{\"@id\":\"https:\\\/\\\/kpi.pt\\\/index.php\\\/2026\\\/03\\\/05\\\/artigo-sobre-micrornas-e-disturbios-do-sono-e-aceito-para-publicacao-em-revista-cientifica-internacional-por-dra-susana-perdigito\\\/\"},\"wordCount\":219,\"publisher\":{\"@id\":\"https:\\\/\\\/kpi.pt\\\/#organization\"},\"image\":{\"@id\":\"https:\\\/\\\/kpi.pt\\\/index.php\\\/2026\\\/03\\\/05\\\/artigo-sobre-micrornas-e-disturbios-do-sono-e-aceito-para-publicacao-em-revista-cientifica-internacional-por-dra-susana-perdigito\\\/#primaryimage\"},\"thumbnailUrl\":\"https:\\\/\\\/kpi.pt\\\/wp-content\\\/uploads\\\/2026\\\/03\\\/WhatsApp-Image-2026-03-05-at-10.55.26-2.jpeg\",\"articleSection\":[\"Blog\"],\"inLanguage\":\"pt-BR\"},{\"@type\":\"WebPage\",\"@id\":\"https:\\\/\\\/kpi.pt\\\/index.php\\\/2026\\\/03\\\/05\\\/artigo-sobre-micrornas-e-disturbios-do-sono-e-aceito-para-publicacao-em-revista-cientifica-internacional-por-dra-susana-perdigito\\\/\",\"url\":\"https:\\\/\\\/kpi.pt\\\/index.php\\\/2026\\\/03\\\/05\\\/artigo-sobre-micrornas-e-disturbios-do-sono-e-aceito-para-publicacao-em-revista-cientifica-internacional-por-dra-susana-perdigito\\\/\",\"name\":\"Artigo sobre microRNAs e dist\u00farbios do sono \u00e9 aceito para publica\u00e7\u00e3o em revista cient\u00edfica internacional por Dra. Susana Perdigito - KLINICA PERIOIMPLANTOLOGICA\",\"isPartOf\":{\"@id\":\"https:\\\/\\\/kpi.pt\\\/#website\"},\"primaryImageOfPage\":{\"@id\":\"https:\\\/\\\/kpi.pt\\\/index.php\\\/2026\\\/03\\\/05\\\/artigo-sobre-micrornas-e-disturbios-do-sono-e-aceito-para-publicacao-em-revista-cientifica-internacional-por-dra-susana-perdigito\\\/#primaryimage\"},\"image\":{\"@id\":\"https:\\\/\\\/kpi.pt\\\/index.php\\\/2026\\\/03\\\/05\\\/artigo-sobre-micrornas-e-disturbios-do-sono-e-aceito-para-publicacao-em-revista-cientifica-internacional-por-dra-susana-perdigito\\\/#primaryimage\"},\"thumbnailUrl\":\"https:\\\/\\\/kpi.pt\\\/wp-content\\\/uploads\\\/2026\\\/03\\\/WhatsApp-Image-2026-03-05-at-10.55.26-2.jpeg\",\"datePublished\":\"2026-03-05T14:03:56+00:00\",\"dateModified\":\"2026-03-05T14:03:57+00:00\",\"breadcrumb\":{\"@id\":\"https:\\\/\\\/kpi.pt\\\/index.php\\\/2026\\\/03\\\/05\\\/artigo-sobre-micrornas-e-disturbios-do-sono-e-aceito-para-publicacao-em-revista-cientifica-internacional-por-dra-susana-perdigito\\\/#breadcrumb\"},\"inLanguage\":\"pt-BR\",\"potentialAction\":[{\"@type\":\"ReadAction\",\"target\":[\"https:\\\/\\\/kpi.pt\\\/index.php\\\/2026\\\/03\\\/05\\\/artigo-sobre-micrornas-e-disturbios-do-sono-e-aceito-para-publicacao-em-revista-cientifica-internacional-por-dra-susana-perdigito\\\/\"]}]},{\"@type\":\"ImageObject\",\"inLanguage\":\"pt-BR\",\"@id\":\"https:\\\/\\\/kpi.pt\\\/index.php\\\/2026\\\/03\\\/05\\\/artigo-sobre-micrornas-e-disturbios-do-sono-e-aceito-para-publicacao-em-revista-cientifica-internacional-por-dra-susana-perdigito\\\/#primaryimage\",\"url\":\"https:\\\/\\\/kpi.pt\\\/wp-content\\\/uploads\\\/2026\\\/03\\\/WhatsApp-Image-2026-03-05-at-10.55.26-2.jpeg\",\"contentUrl\":\"https:\\\/\\\/kpi.pt\\\/wp-content\\\/uploads\\\/2026\\\/03\\\/WhatsApp-Image-2026-03-05-at-10.55.26-2.jpeg\",\"width\":900,\"height\":1599},{\"@type\":\"BreadcrumbList\",\"@id\":\"https:\\\/\\\/kpi.pt\\\/index.php\\\/2026\\\/03\\\/05\\\/artigo-sobre-micrornas-e-disturbios-do-sono-e-aceito-para-publicacao-em-revista-cientifica-internacional-por-dra-susana-perdigito\\\/#breadcrumb\",\"itemListElement\":[{\"@type\":\"ListItem\",\"position\":1,\"name\":\"Home\",\"item\":\"https:\\\/\\\/kpi.pt\\\/\"},{\"@type\":\"ListItem\",\"position\":2,\"name\":\"Artigo sobre microRNAs e dist\u00farbios do sono \u00e9 aceito para publica\u00e7\u00e3o em revista cient\u00edfica internacional por Dra. Susana Perdigito\"}]},{\"@type\":\"WebSite\",\"@id\":\"https:\\\/\\\/kpi.pt\\\/#website\",\"url\":\"https:\\\/\\\/kpi.pt\\\/\",\"name\":\"KLINICA PERIOIMPLANTOLOGICA\",\"description\":\"\",\"publisher\":{\"@id\":\"https:\\\/\\\/kpi.pt\\\/#organization\"},\"potentialAction\":[{\"@type\":\"SearchAction\",\"target\":{\"@type\":\"EntryPoint\",\"urlTemplate\":\"https:\\\/\\\/kpi.pt\\\/?s={search_term_string}\"},\"query-input\":{\"@type\":\"PropertyValueSpecification\",\"valueRequired\":true,\"valueName\":\"search_term_string\"}}],\"inLanguage\":\"pt-BR\"},{\"@type\":\"Organization\",\"@id\":\"https:\\\/\\\/kpi.pt\\\/#organization\",\"name\":\"KLINICA PERIOIMPLANTOLOGICA\",\"url\":\"https:\\\/\\\/kpi.pt\\\/\",\"logo\":{\"@type\":\"ImageObject\",\"inLanguage\":\"pt-BR\",\"@id\":\"https:\\\/\\\/kpi.pt\\\/#\\\/schema\\\/logo\\\/image\\\/\",\"url\":\"https:\\\/\\\/kpi.pt\\\/wp-content\\\/uploads\\\/2023\\\/10\\\/logo-copiar.png\",\"contentUrl\":\"https:\\\/\\\/kpi.pt\\\/wp-content\\\/uploads\\\/2023\\\/10\\\/logo-copiar.png\",\"width\":290,\"height\":160,\"caption\":\"KLINICA PERIOIMPLANTOLOGICA\"},\"image\":{\"@id\":\"https:\\\/\\\/kpi.pt\\\/#\\\/schema\\\/logo\\\/image\\\/\"},\"sameAs\":[\"https:\\\/\\\/www.instagram.com\\\/klinicaperioimplantologica\\\/\"]},{\"@type\":\"Person\",\"@id\":\"https:\\\/\\\/kpi.pt\\\/#\\\/schema\\\/person\\\/81b14c074a90c69594026693247e7351\",\"name\":\"padraoagenciadigital\",\"image\":{\"@type\":\"ImageObject\",\"inLanguage\":\"pt-BR\",\"@id\":\"https:\\\/\\\/secure.gravatar.com\\\/avatar\\\/4f3ffd7588a2496a6b90c74b0592f2b9f7ab5055de2721123ab97fef75799d3a?s=96&d=mm&r=g\",\"url\":\"https:\\\/\\\/secure.gravatar.com\\\/avatar\\\/4f3ffd7588a2496a6b90c74b0592f2b9f7ab5055de2721123ab97fef75799d3a?s=96&d=mm&r=g\",\"contentUrl\":\"https:\\\/\\\/secure.gravatar.com\\\/avatar\\\/4f3ffd7588a2496a6b90c74b0592f2b9f7ab5055de2721123ab97fef75799d3a?s=96&d=mm&r=g\",\"caption\":\"padraoagenciadigital\"},\"sameAs\":[\"https:\\\/\\\/kpi.pt\"],\"url\":\"https:\\\/\\\/kpi.pt\\\/index.php\\\/author\\\/padraoagenciadigital\\\/\"}]}<\/script>\n<!-- \/ Yoast SEO plugin. -->","yoast_head_json":{"title":"Artigo sobre microRNAs e dist\u00farbios do sono \u00e9 aceito para publica\u00e7\u00e3o em revista cient\u00edfica internacional por Dra. Susana Perdigito - KLINICA PERIOIMPLANTOLOGICA","robots":{"index":"index","follow":"follow","max-snippet":"max-snippet:-1","max-image-preview":"max-image-preview:large","max-video-preview":"max-video-preview:-1"},"canonical":"https:\/\/kpi.pt\/index.php\/2026\/03\/05\/artigo-sobre-micrornas-e-disturbios-do-sono-e-aceito-para-publicacao-em-revista-cientifica-internacional-por-dra-susana-perdigito\/","og_locale":"pt_BR","og_type":"article","og_title":"Artigo sobre microRNAs e dist\u00farbios do sono \u00e9 aceito para publica\u00e7\u00e3o em revista cient\u00edfica internacional por Dra. Susana Perdigito - KLINICA PERIOIMPLANTOLOGICA","og_description":"Um novo estudo cient\u00edfico que investiga a rela\u00e7\u00e3o entre microRNAs e dist\u00farbios do sono foi oficialmente aceito para publica\u00e7\u00e3o na revista cient\u00edfica Sleep Medicine: X. A confirma\u00e7\u00e3o da aceita\u00e7\u00e3o ocorreu no dia 4 de mar\u00e7o de 2026, ap\u00f3s o processo de revis\u00e3o editorial.","og_url":"https:\/\/kpi.pt\/index.php\/2026\/03\/05\/artigo-sobre-micrornas-e-disturbios-do-sono-e-aceito-para-publicacao-em-revista-cientifica-internacional-por-dra-susana-perdigito\/","og_site_name":"KLINICA PERIOIMPLANTOLOGICA","article_publisher":"https:\/\/www.instagram.com\/klinicaperioimplantologica\/","article_published_time":"2026-03-05T14:03:56+00:00","article_modified_time":"2026-03-05T14:03:57+00:00","og_image":[{"width":900,"height":1599,"url":"https:\/\/kpi.pt\/wp-content\/uploads\/2026\/03\/WhatsApp-Image-2026-03-05-at-10.55.26-2.jpeg","type":"image\/jpeg"}],"author":"padraoagenciadigital","twitter_card":"summary_large_image","twitter_misc":{"Escrito por":"padraoagenciadigital","Est. tempo de leitura":"2 minutos"},"schema":{"@context":"https:\/\/schema.org","@graph":[{"@type":"Article","@id":"https:\/\/kpi.pt\/index.php\/2026\/03\/05\/artigo-sobre-micrornas-e-disturbios-do-sono-e-aceito-para-publicacao-em-revista-cientifica-internacional-por-dra-susana-perdigito\/#article","isPartOf":{"@id":"https:\/\/kpi.pt\/index.php\/2026\/03\/05\/artigo-sobre-micrornas-e-disturbios-do-sono-e-aceito-para-publicacao-em-revista-cientifica-internacional-por-dra-susana-perdigito\/"},"author":{"name":"padraoagenciadigital","@id":"https:\/\/kpi.pt\/#\/schema\/person\/81b14c074a90c69594026693247e7351"},"headline":"Artigo sobre microRNAs e dist\u00farbios do sono \u00e9 aceito para publica\u00e7\u00e3o em revista cient\u00edfica internacional por Dra. Susana Perdigito","datePublished":"2026-03-05T14:03:56+00:00","dateModified":"2026-03-05T14:03:57+00:00","mainEntityOfPage":{"@id":"https:\/\/kpi.pt\/index.php\/2026\/03\/05\/artigo-sobre-micrornas-e-disturbios-do-sono-e-aceito-para-publicacao-em-revista-cientifica-internacional-por-dra-susana-perdigito\/"},"wordCount":219,"publisher":{"@id":"https:\/\/kpi.pt\/#organization"},"image":{"@id":"https:\/\/kpi.pt\/index.php\/2026\/03\/05\/artigo-sobre-micrornas-e-disturbios-do-sono-e-aceito-para-publicacao-em-revista-cientifica-internacional-por-dra-susana-perdigito\/#primaryimage"},"thumbnailUrl":"https:\/\/kpi.pt\/wp-content\/uploads\/2026\/03\/WhatsApp-Image-2026-03-05-at-10.55.26-2.jpeg","articleSection":["Blog"],"inLanguage":"pt-BR"},{"@type":"WebPage","@id":"https:\/\/kpi.pt\/index.php\/2026\/03\/05\/artigo-sobre-micrornas-e-disturbios-do-sono-e-aceito-para-publicacao-em-revista-cientifica-internacional-por-dra-susana-perdigito\/","url":"https:\/\/kpi.pt\/index.php\/2026\/03\/05\/artigo-sobre-micrornas-e-disturbios-do-sono-e-aceito-para-publicacao-em-revista-cientifica-internacional-por-dra-susana-perdigito\/","name":"Artigo sobre microRNAs e dist\u00farbios do sono \u00e9 aceito para publica\u00e7\u00e3o em revista cient\u00edfica internacional por Dra. Susana Perdigito - KLINICA PERIOIMPLANTOLOGICA","isPartOf":{"@id":"https:\/\/kpi.pt\/#website"},"primaryImageOfPage":{"@id":"https:\/\/kpi.pt\/index.php\/2026\/03\/05\/artigo-sobre-micrornas-e-disturbios-do-sono-e-aceito-para-publicacao-em-revista-cientifica-internacional-por-dra-susana-perdigito\/#primaryimage"},"image":{"@id":"https:\/\/kpi.pt\/index.php\/2026\/03\/05\/artigo-sobre-micrornas-e-disturbios-do-sono-e-aceito-para-publicacao-em-revista-cientifica-internacional-por-dra-susana-perdigito\/#primaryimage"},"thumbnailUrl":"https:\/\/kpi.pt\/wp-content\/uploads\/2026\/03\/WhatsApp-Image-2026-03-05-at-10.55.26-2.jpeg","datePublished":"2026-03-05T14:03:56+00:00","dateModified":"2026-03-05T14:03:57+00:00","breadcrumb":{"@id":"https:\/\/kpi.pt\/index.php\/2026\/03\/05\/artigo-sobre-micrornas-e-disturbios-do-sono-e-aceito-para-publicacao-em-revista-cientifica-internacional-por-dra-susana-perdigito\/#breadcrumb"},"inLanguage":"pt-BR","potentialAction":[{"@type":"ReadAction","target":["https:\/\/kpi.pt\/index.php\/2026\/03\/05\/artigo-sobre-micrornas-e-disturbios-do-sono-e-aceito-para-publicacao-em-revista-cientifica-internacional-por-dra-susana-perdigito\/"]}]},{"@type":"ImageObject","inLanguage":"pt-BR","@id":"https:\/\/kpi.pt\/index.php\/2026\/03\/05\/artigo-sobre-micrornas-e-disturbios-do-sono-e-aceito-para-publicacao-em-revista-cientifica-internacional-por-dra-susana-perdigito\/#primaryimage","url":"https:\/\/kpi.pt\/wp-content\/uploads\/2026\/03\/WhatsApp-Image-2026-03-05-at-10.55.26-2.jpeg","contentUrl":"https:\/\/kpi.pt\/wp-content\/uploads\/2026\/03\/WhatsApp-Image-2026-03-05-at-10.55.26-2.jpeg","width":900,"height":1599},{"@type":"BreadcrumbList","@id":"https:\/\/kpi.pt\/index.php\/2026\/03\/05\/artigo-sobre-micrornas-e-disturbios-do-sono-e-aceito-para-publicacao-em-revista-cientifica-internacional-por-dra-susana-perdigito\/#breadcrumb","itemListElement":[{"@type":"ListItem","position":1,"name":"Home","item":"https:\/\/kpi.pt\/"},{"@type":"ListItem","position":2,"name":"Artigo sobre microRNAs e dist\u00farbios do sono \u00e9 aceito para publica\u00e7\u00e3o em revista cient\u00edfica internacional por Dra. Susana Perdigito"}]},{"@type":"WebSite","@id":"https:\/\/kpi.pt\/#website","url":"https:\/\/kpi.pt\/","name":"KLINICA PERIOIMPLANTOLOGICA","description":"","publisher":{"@id":"https:\/\/kpi.pt\/#organization"},"potentialAction":[{"@type":"SearchAction","target":{"@type":"EntryPoint","urlTemplate":"https:\/\/kpi.pt\/?s={search_term_string}"},"query-input":{"@type":"PropertyValueSpecification","valueRequired":true,"valueName":"search_term_string"}}],"inLanguage":"pt-BR"},{"@type":"Organization","@id":"https:\/\/kpi.pt\/#organization","name":"KLINICA PERIOIMPLANTOLOGICA","url":"https:\/\/kpi.pt\/","logo":{"@type":"ImageObject","inLanguage":"pt-BR","@id":"https:\/\/kpi.pt\/#\/schema\/logo\/image\/","url":"https:\/\/kpi.pt\/wp-content\/uploads\/2023\/10\/logo-copiar.png","contentUrl":"https:\/\/kpi.pt\/wp-content\/uploads\/2023\/10\/logo-copiar.png","width":290,"height":160,"caption":"KLINICA PERIOIMPLANTOLOGICA"},"image":{"@id":"https:\/\/kpi.pt\/#\/schema\/logo\/image\/"},"sameAs":["https:\/\/www.instagram.com\/klinicaperioimplantologica\/"]},{"@type":"Person","@id":"https:\/\/kpi.pt\/#\/schema\/person\/81b14c074a90c69594026693247e7351","name":"padraoagenciadigital","image":{"@type":"ImageObject","inLanguage":"pt-BR","@id":"https:\/\/secure.gravatar.com\/avatar\/4f3ffd7588a2496a6b90c74b0592f2b9f7ab5055de2721123ab97fef75799d3a?s=96&d=mm&r=g","url":"https:\/\/secure.gravatar.com\/avatar\/4f3ffd7588a2496a6b90c74b0592f2b9f7ab5055de2721123ab97fef75799d3a?s=96&d=mm&r=g","contentUrl":"https:\/\/secure.gravatar.com\/avatar\/4f3ffd7588a2496a6b90c74b0592f2b9f7ab5055de2721123ab97fef75799d3a?s=96&d=mm&r=g","caption":"padraoagenciadigital"},"sameAs":["https:\/\/kpi.pt"],"url":"https:\/\/kpi.pt\/index.php\/author\/padraoagenciadigital\/"}]}},"_links":{"self":[{"href":"https:\/\/kpi.pt\/index.php\/wp-json\/wp\/v2\/posts\/3158","targetHints":{"allow":["GET"]}}],"collection":[{"href":"https:\/\/kpi.pt\/index.php\/wp-json\/wp\/v2\/posts"}],"about":[{"href":"https:\/\/kpi.pt\/index.php\/wp-json\/wp\/v2\/types\/post"}],"author":[{"embeddable":true,"href":"https:\/\/kpi.pt\/index.php\/wp-json\/wp\/v2\/users\/1"}],"replies":[{"embeddable":true,"href":"https:\/\/kpi.pt\/index.php\/wp-json\/wp\/v2\/comments?post=3158"}],"version-history":[{"count":1,"href":"https:\/\/kpi.pt\/index.php\/wp-json\/wp\/v2\/posts\/3158\/revisions"}],"predecessor-version":[{"id":3160,"href":"https:\/\/kpi.pt\/index.php\/wp-json\/wp\/v2\/posts\/3158\/revisions\/3160"}],"wp:featuredmedia":[{"embeddable":true,"href":"https:\/\/kpi.pt\/index.php\/wp-json\/wp\/v2\/media\/3159"}],"wp:attachment":[{"href":"https:\/\/kpi.pt\/index.php\/wp-json\/wp\/v2\/media?parent=3158"}],"wp:term":[{"taxonomy":"category","embeddable":true,"href":"https:\/\/kpi.pt\/index.php\/wp-json\/wp\/v2\/categories?post=3158"},{"taxonomy":"post_tag","embeddable":true,"href":"https:\/\/kpi.pt\/index.php\/wp-json\/wp\/v2\/tags?post=3158"}],"curies":[{"name":"wp","href":"https:\/\/api.w.org\/{rel}","templated":true}]}}